{"id":3916,"date":"2023-01-19T14:05:14","date_gmt":"2023-01-19T13:05:14","guid":{"rendered":"https:\/\/www.centre-mersenne.org\/personal-data-processing-policy\/"},"modified":"2023-02-13T11:49:49","modified_gmt":"2023-02-13T10:49:49","slug":"personal-data-processing-policy","status":"publish","type":"post","link":"https:\/\/www.centre-mersenne.org\/en\/personal-data-processing-policy\/","title":{"rendered":"Personal data processing policy"},"content":{"rendered":"\n<h2 class=\"wp-block-heading\"><strong>Processing of personal data: definition<\/strong><\/h2>\n\n<p>This refers to any operation on personal data, whether digital or on paper: &#8220;collection, recording, organisation, storage, adaptation, modification, retrieval, consultation, use, communication by transmission or dissemination or any other form of making available, matching&#8221; according to the <a href=\"https:\/\/www.cnil.fr\/fr\/definition\/traitement-de-donnees-personnelles\" target=\"_blank\" rel=\"noreferrer noopener\"><u>CNIL website<\/u><\/a>.<\/p>\n\n<h2 class=\"wp-block-heading\">Why?<\/h2>\n\n<p>The processing of such data is likely to infringe on the privacy of users. This is why these operations are subject to European regulations and French law:<\/p>\n\n<div class=\"wp-block-columns is-layout-flex wp-container-core-columns-is-layout-28f84493 wp-block-columns-is-layout-flex\">\n<div class=\"wp-block-column is-layout-flow wp-block-column-is-layout-flow\" style=\"flex-basis:66.66%\">\n<ul class=\"wp-block-list\">\n<li><a rel=\"noreferrer noopener\" href=\"https:\/\/eur-lex.europa.eu\/eli\/reg\/2016\/679\/2016-05-04\" target=\"_blank\"><u>Regulation (EU) 2016\/679 of the European Parliament and of the Council of 27 April 2016 on the protection of natural persons with regard to the processing of personal data and on the free movement of such data, and repealing Directive 95\/46\/EC (General Data Protection Regulation)<\/u><\/a><\/li>\n\n\n\n<li><a rel=\"noreferrer noopener\" href=\"https:\/\/www.legifrance.gouv.fr\/loda\/id\/JORFTEXT000037085952\" target=\"_blank\"><u>LOI n\u00b0 2018-493 du 20 juin 2018 relative \u00e0 la protection des donn\u00e9es personnelles<\/u><\/a><\/li>\n<\/ul>\n<\/div>\n\n\n\n<div class=\"wp-block-column is-layout-flow wp-block-column-is-layout-flow\" style=\"flex-basis:33.33%\">\n<figure class=\"wp-block-image size-full is-resized\"><img decoding=\"async\" src=\"https:\/\/www.centre-mersenne.org\/wp-content\/uploads\/8213432552_fd1a8cc461_w.jpg\" alt=\"\" class=\"wp-image-3445\" width=\"200\" height=\"134\" srcset=\"https:\/\/www.centre-mersenne.org\/wp-content\/uploads\/8213432552_fd1a8cc461_w.jpg 400w, https:\/\/www.centre-mersenne.org\/wp-content\/uploads\/8213432552_fd1a8cc461_w-300x200.jpg 300w\" sizes=\"(max-width: 200px) 100vw, 200px\" \/><figcaption class=\"wp-element-caption\"><a rel=\"noreferrer noopener\" href=\"https:\/\/www.flickr.com\/photos\/86530412@N02\" target=\"_blank\">ccPixs.com<\/a>, <a rel=\"noreferrer noopener\" href=\"https:\/\/creativecommons.org\/licenses\/by\/2.0\/?ref=openverse\" target=\"_blank\">CC BY 2.0<\/a><\/figcaption><\/figure>\n<\/div>\n<\/div>\n\n<h2 class=\"wp-block-heading\">What data are concerned?<\/h2>\n\n<p>Personal data is information that makes it possible to <strong>identify a natural person<\/strong>, either directly or by cross-checking information: surname, first name, e-mail address, geographical address, social security number, telephone number, voice recording, photograph, date of birth, diplomas, place of work, etc.<\/p>\n\n<h2 class=\"wp-block-heading\"><strong>How to write the explanatory paragraph<\/strong><\/h2>\n\n<p>On your website, you must <strong>write an article on the collection and processing of personal data<\/strong>, to be included in the <strong>legal notice<\/strong>. In this paragraph you should:<\/p>\n\n<ul class=\"wp-block-list\">\n<li>refer to Law n\u00b0 78-17 du 6 janvier 1978, relative \u00e0 l&#8217;Informatique, aux fichiers et aux Libert\u00e9s (articles 38, 39, 40) and to the R\u00e8glement g\u00e9n\u00e9ral sur la protection des donn\u00e9es (RGPD) which came into force on 25 May 2018<\/li>\n\n\n\n<li>indicate a contact person and the means by which users can assert their rights in case of need: e-mail, telephone, on their personal space, etc.<\/li>\n\n\n\n<li>explain the purpose of the data collection. For example: for secure navigation on the journal&#8217;s website, to enable dissemination, archiving, indexing of articles and their metadata in an open access context, etc.<\/li>\n\n\n\n<li>inform the legal basis of the data processing: consent of the person, execution of a contract, legitimate interest of the host&#8230;<\/li>\n\n\n\n<li>indicate who has access to the data: internal departments, a service provider, the host, etc.<\/li>\n\n\n\n<li>Specify how long the data will be retained.<\/li>\n<\/ul>\n\n<p><\/p>\n\n<div class=\"wp-block-columns is-layout-flex wp-container-core-columns-is-layout-28f84493 wp-block-columns-is-layout-flex\">\n<div class=\"wp-block-column mersenne-box-gris is-layout-flow wp-block-column-is-layout-flow\">\n<p><strong>Example of a paragraph for a journal hosted by thec centre Mersenne<\/strong><\/p>\n\n\n\n<p>The journal [Nom de la revue], via its website, does not trade in the data of users, third parties and contributors (editors, reporters and authors). The information we collect for the proper functioning of the publication site has been voluntarily entered by the Users and contributors, via an action on their part (connection, navigation on the site, submission of document, downloading&#8230;).<\/p>\n\n\n\n<p>The centre Mersenne has its own personal data protection policy, which is available on the centre Mersenne&#8217;s website at the following link: <a href=\"https:\/\/www.centre-mersenne.org\/spage\/privacy\/\" target=\"_blank\" rel=\"noreferrer noopener\"><u>https:\/\/www.centre-mersenne.org\/spage\/privacy\/<\/u><\/a><\/p>\n\n\n\n<p>In accordance with the law n\u00b0 78-17 du 6 janvier 1978, relative \u00e0 l&#8217;Informatique, aux fichiers et aux Libert\u00e9s (articles 38, 39, 40) and the general regulation on data protection (RGPD), which came into force on May 25, 2018, you have a right of access, rectification, portability, and deletion of data concerning you put on line on this site and\/or processed by [Nom de la revue] or the centre Mersenne. You also have a right to oppose to such personal data process; to ask for limitation to such process; to withdraw your consent to such process, and to ask, if applicable, for your account to be deleted.<\/p>\n\n\n\n<p>To exercise these rights or for any further information, in particular concerning [nom de l&#8217;\u00e9diteur] policy on the protection of personal data, please contact: contact@mailofthejournal.fr.<\/p>\n<\/div>\n<\/div>\n\n<h2 class=\"wp-block-heading\"><strong>Examples of processing of personal data<\/strong><\/h2>\n\n<p>For example, in the context of a scientific journal site, the main personal data managed are :<\/p>\n\n<ul class=\"wp-block-list\">\n<li>the full names of the authors,<\/li>\n\n\n\n<li>the list of their publications<\/li>\n\n\n\n<li>the authors&#8217; e-mail addresses<\/li>\n\n\n\n<li>the authors&#8217; telephone numbers<\/li>\n\n\n\n<li>the IP addresses of site users (authors, readers, etc.)<\/li>\n\n\n\n<li>the affiliation of authors<\/li>\n<\/ul>\n\n<h2 class=\"wp-block-heading\"><strong>What are the rights of users?<\/strong><\/h2>\n\n<p>Users of a scientific journal site, in this case authors and readers, have rights:<\/p>\n\n<ul class=\"wp-block-list\">\n<li>Right of access: any person whose data is collected may request access to his\/her personal data at any time and without limitation.<\/li>\n\n\n\n<li>Right of modification and deletion: any person whose data is collected may request the rectification of erroneous information or request its deletion.<\/li>\n\n\n\n<li>Right to transfer data: any person whose data is collected has the right to retrieve their data in a reusable form and to transfer it to a third party.<\/li>\n\n\n\n<li>Right to be forgotten: deletion of data and dereferencing are rights.<\/li>\n\n\n\n<li>Right to notification<\/li>\n\n\n\n<li>Right to compensation for material or moral damage<\/li>\n<\/ul>\n\n<h2 class=\"wp-block-heading\"><strong>Declaration to the CNIL<\/strong><\/h2>\n\n<p>Since 25 May 2018, when the RGPD came into force, declarations to the CNIL have disappeared except for certain formalities, particularly in the health sector.<\/p>\n\n<p>More information: <a href=\"https:\/\/www.cnil.fr\/fr\/declarer-un-fichier\" target=\"_blank\" rel=\"noreferrer noopener\"><u>https:\/\/www.cnil.fr\/fr\/declarer-un-fichier<\/u><\/a><\/p>\n\n<div class=\"wp-block-columns is-layout-flex wp-container-core-columns-is-layout-28f84493 wp-block-columns-is-layout-flex\">\n<div class=\"wp-block-column mersenne-box-gris is-layout-flow wp-block-column-is-layout-flow\">\n<p>For more information:<\/p>\n\n\n\n<ul class=\"wp-block-list\">\n<li><a href=\"https:\/\/www.cnil.fr\/fr\/definition\/traitement-de-donnees-personnelles\">https:\/\/www.cnil.fr\/fr\/definition\/traitement-de-donnees-personnelles<\/a><\/li>\n\n\n\n<li><a href=\"https:\/\/entreprendre.service-public.fr\/vosdroits\/F24270\">https:\/\/entreprendre.service-public.fr\/vosdroits\/F24270<\/a><\/li>\n\n\n\n<li><a href=\"https:\/\/www.cnil.fr\/fr\/rgpd-de-quoi-parle-t-on\">https:\/\/www.cnil.fr\/fr\/rgpd-de-quoi-parle-t-on<\/a><\/li>\n<\/ul>\n<\/div>\n<\/div>\n","protected":false},"excerpt":{"rendered":"<p>How to write a paragraph on the management of personal data on your website? <\/p>\n","protected":false},"author":3,"featured_media":3237,"comment_status":"closed","ping_status":"open","sticky":false,"template":"","format":"standard","meta":{"_acf_changed":false,"_seopress_robots_primary_cat":"none","_seopress_titles_title":"Personal data processing policy","_seopress_titles_desc":"How to write a paragraph on the management of personal data on your website? What data are concerned? Click here to read more.","_seopress_robots_index":"","footnotes":""},"categories":[86,84],"tags":[96,100],"class_list":{"0":"post-3916","1":"post","2":"type-post","3":"status-publish","4":"format-standard","5":"has-post-thumbnail","7":"category-creating-a-journal","8":"category-toolbox","9":"tag-creating-a-journal","10":"tag-ethics"},"acf":[],"_links":{"self":[{"href":"https:\/\/www.centre-mersenne.org\/en\/wp-json\/wp\/v2\/posts\/3916","targetHints":{"allow":["GET"]}}],"collection":[{"href":"https:\/\/www.centre-mersenne.org\/en\/wp-json\/wp\/v2\/posts"}],"about":[{"href":"https:\/\/www.centre-mersenne.org\/en\/wp-json\/wp\/v2\/types\/post"}],"author":[{"embeddable":true,"href":"https:\/\/www.centre-mersenne.org\/en\/wp-json\/wp\/v2\/users\/3"}],"replies":[{"embeddable":true,"href":"https:\/\/www.centre-mersenne.org\/en\/wp-json\/wp\/v2\/comments?post=3916"}],"version-history":[{"count":4,"href":"https:\/\/www.centre-mersenne.org\/en\/wp-json\/wp\/v2\/posts\/3916\/revisions"}],"predecessor-version":[{"id":3920,"href":"https:\/\/www.centre-mersenne.org\/en\/wp-json\/wp\/v2\/posts\/3916\/revisions\/3920"}],"wp:featuredmedia":[{"embeddable":true,"href":"https:\/\/www.centre-mersenne.org\/en\/wp-json\/wp\/v2\/media\/3237"}],"wp:attachment":[{"href":"https:\/\/www.centre-mersenne.org\/en\/wp-json\/wp\/v2\/media?parent=3916"}],"wp:term":[{"taxonomy":"category","embeddable":true,"href":"https:\/\/www.centre-mersenne.org\/en\/wp-json\/wp\/v2\/categories?post=3916"},{"taxonomy":"post_tag","embeddable":true,"href":"https:\/\/www.centre-mersenne.org\/en\/wp-json\/wp\/v2\/tags?post=3916"}],"curies":[{"name":"wp","href":"https:\/\/api.w.org\/{rel}","templated":true}]}}